{"id":121,"date":"2011-10-19T15:49:58","date_gmt":"2011-10-19T19:49:58","guid":{"rendered":"http:\/\/gadprpuertomisahualli.gob.ec\/napo\/?p=121"},"modified":"2014-12-21T22:14:03","modified_gmt":"2014-12-22T02:14:03","slug":"bienvenidos-a-la-parroquia-de-puerto-de-misahualli","status":"publish","type":"post","link":"https:\/\/gadprpuertomisahualli.gob.ec\/napo\/?p=121","title":{"rendered":"Bienvenidos a la Parroquia de Puerto de Misahualli"},"content":{"rendered":"<p><iframe loading=\"lazy\" title=\"Provincias Ecuador,  Napo\" width=\"1200\" height=\"900\" src=\"https:\/\/www.youtube.com\/embed\/kdqfFsYpa58?feature=oembed\" frameborder=\"0\" allow=\"accelerometer; autoplay; encrypted-media; gyroscope; picture-in-picture\" allowfullscreen><\/iframe><br \/>\nLa provincia de Napo es una de las provincias de Ecuador, se halla en la regi\u00f3n amaz\u00f3nica ecuatoriana, incluendo parte de las laderas de los Andes, hasta las llanuras amaz\u00f3nicas. Toma su nombre del r\u00edo Napo. Su capital es la ciudad de Tena. Limita al norte con Sucumb\u00edos, al sur con Pastaza, al oeste con Pichincha, Cotopaxi y Tungurahua y al este con la Provincia de Orellana.<\/p>\n","protected":false},"excerpt":{"rendered":"<p>La provincia de Napo es una de las provincias de Ecuador, se halla en la regi\u00f3n amaz\u00f3nica ecuatoriana, incluendo parte de las laderas de los Andes, hasta las llanuras amaz\u00f3nicas. Toma su nombre del r\u00edo Napo. Su capital es la ciudad de Tena. Limita al norte con Sucumb\u00edos, al sur con Pastaza, al oeste con&hellip;<\/p>\n","protected":false},"author":8,"featured_media":0,"comment_status":"closed","ping_status":"closed","sticky":false,"template":"","format":"standard","meta":[],"categories":[1],"tags":[],"class_list":["post-121","post","type-post","status-publish","format-standard","hentry","category-sin-categoria","category-1","description-off"],"_links":{"self":[{"href":"https:\/\/gadprpuertomisahualli.gob.ec\/napo\/index.php?rest_route=\/wp\/v2\/posts\/121","targetHints":{"allow":["GET"]}}],"collection":[{"href":"https:\/\/gadprpuertomisahualli.gob.ec\/napo\/index.php?rest_route=\/wp\/v2\/posts"}],"about":[{"href":"https:\/\/gadprpuertomisahualli.gob.ec\/napo\/index.php?rest_route=\/wp\/v2\/types\/post"}],"author":[{"embeddable":true,"href":"https:\/\/gadprpuertomisahualli.gob.ec\/napo\/index.php?rest_route=\/wp\/v2\/users\/8"}],"replies":[{"embeddable":true,"href":"https:\/\/gadprpuertomisahualli.gob.ec\/napo\/index.php?rest_route=%2Fwp%2Fv2%2Fcomments&post=121"}],"version-history":[{"count":1,"href":"https:\/\/gadprpuertomisahualli.gob.ec\/napo\/index.php?rest_route=\/wp\/v2\/posts\/121\/revisions"}],"predecessor-version":[{"id":160,"href":"https:\/\/gadprpuertomisahualli.gob.ec\/napo\/index.php?rest_route=\/wp\/v2\/posts\/121\/revisions\/160"}],"wp:attachment":[{"href":"https:\/\/gadprpuertomisahualli.gob.ec\/napo\/index.php?rest_route=%2Fwp%2Fv2%2Fmedia&parent=121"}],"wp:term":[{"taxonomy":"category","embeddable":true,"href":"https:\/\/gadprpuertomisahualli.gob.ec\/napo\/index.php?rest_route=%2Fwp%2Fv2%2Fcategories&post=121"},{"taxonomy":"post_tag","embeddable":true,"href":"https:\/\/gadprpuertomisahualli.gob.ec\/napo\/index.php?rest_route=%2Fwp%2Fv2%2Ftags&post=121"}],"curies":[{"name":"wp","href":"https:\/\/api.w.org\/{rel}","templated":true}]}}